{"id":371,"date":"2021-10-04T15:19:38","date_gmt":"2021-10-04T13:19:38","guid":{"rendered":"https:\/\/lecxit.cat\/families-lectores\/?p=371"},"modified":"2022-10-18T00:45:26","modified_gmt":"2022-10-17T22:45:26","slug":"per-que-es-important-promoure-la-capacitacio-parental-en-lambit-de-lacompanyament-lector","status":"publish","type":"post","link":"https:\/\/lecxit.cat\/families-lectores\/actualitat\/per-que-es-important-promoure-la-capacitacio-parental-en-lambit-de-lacompanyament-lector\/","title":{"rendered":"Per qu\u00e8 \u00e9s important promoure la capacitaci\u00f3 parental en l&#8217;\u00e0mbit de l&#8217;acompanyament lector?"},"content":{"rendered":"\n<p><strong>S\u00edlvia Blanch<\/strong><\/p>\n\n\n\n<p>La recerca ens diu que un bon desenvolupament de la comprensi\u00f3 lectora a prim\u00e0ria \u00e9s un dels principals factors preventius del frac\u00e0s escolar. Tot i aix\u00ed, a Catalunya 1 de cada 7 infants no aconsegueix assolir un nivell lector adequat, i per aix\u00f2 \u00e9s important fomentar la participaci\u00f3 i implicaci\u00f3 de les fam\u00edlies en la lectura, ja que \u00e9s un dels principals factors de l\u2019\u00e8xit educatiu.<\/p>\n\n\n\n<p>En aquest sentit, les dades mostren que el programa LECXIT t\u00e9 un gran impacte en la millora de la comprensi\u00f3 lectora dels infants de les escoles, biblioteques i espais LECXIT on es duu a terme.<\/p>\n\n\n\n<figure class=\"wp-block-image size-full\"><img loading=\"lazy\" decoding=\"async\" width=\"600\" height=\"432\" src=\"https:\/\/lecxit.cat\/families-lectores\/wp-content\/uploads\/2021\/10\/infografia-dades-1.png\" alt=\"\" class=\"wp-image-382\" srcset=\"https:\/\/lecxit.cat\/families-lectores\/wp-content\/uploads\/2021\/10\/infografia-dades-1.png 600w, https:\/\/lecxit.cat\/families-lectores\/wp-content\/uploads\/2021\/10\/infografia-dades-1-300x216.png 300w\" sizes=\"(max-width: 600px) 100vw, 600px\" \/><\/figure>\n\n\n\n<p>Per\u00f2&#8230; i a casa? La realitat de cada fam\u00edlia \u00e9s diversa, i en alguns casos les experi\u00e8ncies educatives fora de l\u2019horari lectiu a les quals tenen acc\u00e9s alguns infants s\u00f3n molt minses, fet que contribueix a agreujar les desigualtats i que afecta els nivells de comprensi\u00f3 lectora (Guryan et al., 2015). En aquest sentit, \u00e9s important tenir clar que l\u2019aprenentatge de la lectura no comen\u00e7a ni s\u2019acaba a l\u2019aula, i que les fam\u00edlies s\u00f3n un element clau per cultivar l\u2019h\u00e0bit lector.<\/p>\n\n\n\n<p>Els est\u00edmuls de lectura que ofereix l\u2019entorn familiar, la percepci\u00f3 d\u2019autoefic\u00e0cia parental, els h\u00e0bits lectors de pares i mares, la pres\u00e8ncia de llibres a casa i la promoci\u00f3 de la lectura s\u00f3n quatre factors determinants per a desenvolupar l\u2019h\u00e0bit i el gust per la lectura, essencials per desenvolupar la comprensi\u00f3 lectora dels infants (Agirregoikoa et al., 2021).<\/p>\n\n\n\n<p>El suport de la fam\u00edlia \u00e9s afectiu, de proximitat, quotidi\u00e0, i permet veure i viure la lectura com una activitat necess\u00e0ria i plaent. Petites actuacions s\u00f3n determinants per a fomentar la lectura des de casa i per ajudar els infants a enamorar-se de la lectura i convertir-los en lectors competents per a tota la vida. La constataci\u00f3 dels efectes positius que t\u00e9 en els infants la implicaci\u00f3 de la fam\u00edlia en el proc\u00e9s educatiu i d\u2019aprenentatge escolar ens empla\u00e7a a assumir el repte de desenvolupar intervencions per a la millora de les compet\u00e8ncies lectores de l\u2019alumnat de prim\u00e0ria (Capotosto, 2017).<\/p>\n\n\n\n<p>\u00c9s per aix\u00f2 que el programa LECXIT llan\u00e7a la crida <em>Les fam\u00edlies, aliades de la <\/em>lectura amb la qual volem que les fam\u00edlies es converteixin en les millors aliades de la lectura per als seus fills i filles. Aquesta crida vol promoure propostes i orientacions per encoratjar les fam\u00edlies en la promoci\u00f3 de la lectura, cercar-ne l\u2019alian\u00e7a i animar-les a mantenir-se involucrades en l\u2019experi\u00e8ncia educativa dels seus fills i filles.<\/p>\n\n\n\n<p><strong>I tu, t\u2019hi vols involucrar? <\/strong>Anima\u2019t a facilitar a les fam\u00edlies del teu voltant la possibilitat de participar en aquest projecte!<\/p>\n","protected":false},"excerpt":{"rendered":"<p>En aquest article Silvia Blanch ens explica quines implicacions t\u00e9 el fet que una fam\u00edlia pugui o no acompanyar als seus fills i filles en la lectura.<\/p>\n","protected":false},"author":2,"featured_media":374,"comment_status":"closed","ping_status":"open","sticky":false,"template":"","format":"standard","meta":{"_monsterinsights_skip_tracking":false,"_monsterinsights_sitenote_active":false,"_monsterinsights_sitenote_note":"","_monsterinsights_sitenote_category":0,"footnotes":""},"categories":[1],"tags":[],"acf":[],"yoast_head":"<!-- This site is optimized with the Yoast SEO plugin v21.7 - https:\/\/yoast.com\/wordpress\/plugins\/seo\/ -->\n<title>Per qu\u00e8 \u00e9s important promoure la capacitaci\u00f3 parental en l&#039;\u00e0mbit de l&#039;acompanyament lector? - Fam\u00edlies aliades de la lectura<\/title>\n<meta name=\"robots\" content=\"index, follow, max-snippet:-1, max-image-preview:large, max-video-preview:-1\" \/>\n<link rel=\"canonical\" href=\"https:\/\/lecxit.cat\/families-lectores\/actualitat\/per-que-es-important-promoure-la-capacitacio-parental-en-lambit-de-lacompanyament-lector\/\" \/>\n<meta property=\"og:locale\" content=\"ca_ES\" \/>\n<meta property=\"og:type\" content=\"article\" \/>\n<meta property=\"og:title\" content=\"Per qu\u00e8 \u00e9s important promoure la capacitaci\u00f3 parental en l&#039;\u00e0mbit de l&#039;acompanyament lector? - Fam\u00edlies aliades de la lectura\" \/>\n<meta property=\"og:description\" content=\"En aquest article Silvia Blanch ens explica quines implicacions t\u00e9 el fet que una fam\u00edlia pugui o no acompanyar als seus fills i filles en la lectura.\" \/>\n<meta property=\"og:url\" content=\"https:\/\/lecxit.cat\/families-lectores\/actualitat\/per-que-es-important-promoure-la-capacitacio-parental-en-lambit-de-lacompanyament-lector\/\" \/>\n<meta property=\"og:site_name\" content=\"Fam\u00edlies aliades de la lectura\" \/>\n<meta property=\"article:published_time\" content=\"2021-10-04T13:19:38+00:00\" \/>\n<meta property=\"article:modified_time\" content=\"2022-10-17T22:45:26+00:00\" \/>\n<meta property=\"og:image\" content=\"https:\/\/lecxit.cat\/families-lectores\/wp-content\/uploads\/2021\/10\/FAMI\u0301LIES-ALIADES-campanya_3-scaled.jpg\" \/>\n\t<meta property=\"og:image:width\" content=\"2560\" \/>\n\t<meta property=\"og:image:height\" content=\"1824\" \/>\n\t<meta property=\"og:image:type\" content=\"image\/jpeg\" \/>\n<meta name=\"author\" content=\"lecxit\" \/>\n<meta name=\"twitter:card\" content=\"summary_large_image\" \/>\n<meta name=\"twitter:label1\" content=\"Escrit per\" \/>\n\t<meta name=\"twitter:data1\" content=\"lecxit\" \/>\n\t<meta name=\"twitter:label2\" content=\"Temps estimat de lectura\" \/>\n\t<meta name=\"twitter:data2\" content=\"3 minuts\" \/>\n<script type=\"application\/ld+json\" class=\"yoast-schema-graph\">{\"@context\":\"https:\/\/schema.org\",\"@graph\":[{\"@type\":\"Article\",\"@id\":\"https:\/\/lecxit.cat\/families-lectores\/actualitat\/per-que-es-important-promoure-la-capacitacio-parental-en-lambit-de-lacompanyament-lector\/#article\",\"isPartOf\":{\"@id\":\"https:\/\/lecxit.cat\/families-lectores\/actualitat\/per-que-es-important-promoure-la-capacitacio-parental-en-lambit-de-lacompanyament-lector\/\"},\"author\":{\"name\":\"lecxit\",\"@id\":\"https:\/\/lecxit.cat\/families-lectores\/#\/schema\/person\/67083162e864bcb8a6d043b7fd166f35\"},\"headline\":\"Per qu\u00e8 \u00e9s important promoure la capacitaci\u00f3 parental en l&#8217;\u00e0mbit de l&#8217;acompanyament lector?\",\"datePublished\":\"2021-10-04T13:19:38+00:00\",\"dateModified\":\"2022-10-17T22:45:26+00:00\",\"mainEntityOfPage\":{\"@id\":\"https:\/\/lecxit.cat\/families-lectores\/actualitat\/per-que-es-important-promoure-la-capacitacio-parental-en-lambit-de-lacompanyament-lector\/\"},\"wordCount\":489,\"publisher\":{\"@id\":\"https:\/\/lecxit.cat\/families-lectores\/#organization\"},\"articleSection\":[\"Actualitat\"],\"inLanguage\":\"ca\"},{\"@type\":\"WebPage\",\"@id\":\"https:\/\/lecxit.cat\/families-lectores\/actualitat\/per-que-es-important-promoure-la-capacitacio-parental-en-lambit-de-lacompanyament-lector\/\",\"url\":\"https:\/\/lecxit.cat\/families-lectores\/actualitat\/per-que-es-important-promoure-la-capacitacio-parental-en-lambit-de-lacompanyament-lector\/\",\"name\":\"Per qu\u00e8 \u00e9s important promoure la capacitaci\u00f3 parental en l'\u00e0mbit de l'acompanyament lector? - Fam\u00edlies aliades de la lectura\",\"isPartOf\":{\"@id\":\"https:\/\/lecxit.cat\/families-lectores\/#website\"},\"datePublished\":\"2021-10-04T13:19:38+00:00\",\"dateModified\":\"2022-10-17T22:45:26+00:00\",\"breadcrumb\":{\"@id\":\"https:\/\/lecxit.cat\/families-lectores\/actualitat\/per-que-es-important-promoure-la-capacitacio-parental-en-lambit-de-lacompanyament-lector\/#breadcrumb\"},\"inLanguage\":\"ca\",\"potentialAction\":[{\"@type\":\"ReadAction\",\"target\":[\"https:\/\/lecxit.cat\/families-lectores\/actualitat\/per-que-es-important-promoure-la-capacitacio-parental-en-lambit-de-lacompanyament-lector\/\"]}]},{\"@type\":\"BreadcrumbList\",\"@id\":\"https:\/\/lecxit.cat\/families-lectores\/actualitat\/per-que-es-important-promoure-la-capacitacio-parental-en-lambit-de-lacompanyament-lector\/#breadcrumb\",\"itemListElement\":[{\"@type\":\"ListItem\",\"position\":1,\"name\":\"Inici\",\"item\":\"https:\/\/lecxit.cat\/families-lectores\/\"},{\"@type\":\"ListItem\",\"position\":2,\"name\":\"Per qu\u00e8 \u00e9s important promoure la capacitaci\u00f3 parental en l&#8217;\u00e0mbit de l&#8217;acompanyament lector?\"}]},{\"@type\":\"WebSite\",\"@id\":\"https:\/\/lecxit.cat\/families-lectores\/#website\",\"url\":\"https:\/\/lecxit.cat\/families-lectores\/\",\"name\":\"Fam\u00edlies aliades de la lectura\",\"description\":\"Fam\u00edlies aliades de la lectura\",\"publisher\":{\"@id\":\"https:\/\/lecxit.cat\/families-lectores\/#organization\"},\"potentialAction\":[{\"@type\":\"SearchAction\",\"target\":{\"@type\":\"EntryPoint\",\"urlTemplate\":\"https:\/\/lecxit.cat\/families-lectores\/?s={search_term_string}\"},\"query-input\":\"required name=search_term_string\"}],\"inLanguage\":\"ca\"},{\"@type\":\"Organization\",\"@id\":\"https:\/\/lecxit.cat\/families-lectores\/#organization\",\"name\":\"Fam\u00edlies aliades de la lectura\",\"url\":\"https:\/\/lecxit.cat\/families-lectores\/\",\"logo\":{\"@type\":\"ImageObject\",\"inLanguage\":\"ca\",\"@id\":\"https:\/\/lecxit.cat\/families-lectores\/#\/schema\/logo\/image\/\",\"url\":\"https:\/\/lecxit.cat\/families-lectores\/wp-content\/uploads\/2021\/10\/sharer.png\",\"contentUrl\":\"https:\/\/lecxit.cat\/families-lectores\/wp-content\/uploads\/2021\/10\/sharer.png\",\"width\":1200,\"height\":628,\"caption\":\"Fam\u00edlies aliades de la lectura\"},\"image\":{\"@id\":\"https:\/\/lecxit.cat\/families-lectores\/#\/schema\/logo\/image\/\"}},{\"@type\":\"Person\",\"@id\":\"https:\/\/lecxit.cat\/families-lectores\/#\/schema\/person\/67083162e864bcb8a6d043b7fd166f35\",\"name\":\"lecxit\",\"image\":{\"@type\":\"ImageObject\",\"inLanguage\":\"ca\",\"@id\":\"https:\/\/lecxit.cat\/families-lectores\/#\/schema\/person\/image\/\",\"url\":\"https:\/\/secure.gravatar.com\/avatar\/0460b50631ddff047aa0e3930d25cf30?s=96&d=mm&r=g\",\"contentUrl\":\"https:\/\/secure.gravatar.com\/avatar\/0460b50631ddff047aa0e3930d25cf30?s=96&d=mm&r=g\",\"caption\":\"lecxit\"},\"url\":\"https:\/\/lecxit.cat\/families-lectores\/author\/lecxit\/\"}]}<\/script>\n<!-- \/ Yoast SEO plugin. -->","yoast_head_json":{"title":"Per qu\u00e8 \u00e9s important promoure la capacitaci\u00f3 parental en l'\u00e0mbit de l'acompanyament lector? - Fam\u00edlies aliades de la lectura","robots":{"index":"index","follow":"follow","max-snippet":"max-snippet:-1","max-image-preview":"max-image-preview:large","max-video-preview":"max-video-preview:-1"},"canonical":"https:\/\/lecxit.cat\/families-lectores\/actualitat\/per-que-es-important-promoure-la-capacitacio-parental-en-lambit-de-lacompanyament-lector\/","og_locale":"ca_ES","og_type":"article","og_title":"Per qu\u00e8 \u00e9s important promoure la capacitaci\u00f3 parental en l'\u00e0mbit de l'acompanyament lector? - Fam\u00edlies aliades de la lectura","og_description":"En aquest article Silvia Blanch ens explica quines implicacions t\u00e9 el fet que una fam\u00edlia pugui o no acompanyar als seus fills i filles en la lectura.","og_url":"https:\/\/lecxit.cat\/families-lectores\/actualitat\/per-que-es-important-promoure-la-capacitacio-parental-en-lambit-de-lacompanyament-lector\/","og_site_name":"Fam\u00edlies aliades de la lectura","article_published_time":"2021-10-04T13:19:38+00:00","article_modified_time":"2022-10-17T22:45:26+00:00","og_image":[{"width":2560,"height":1824,"url":"https:\/\/lecxit.cat\/families-lectores\/wp-content\/uploads\/2021\/10\/FAMI\u0301LIES-ALIADES-campanya_3-scaled.jpg","type":"image\/jpeg"}],"author":"lecxit","twitter_card":"summary_large_image","twitter_misc":{"Escrit per":"lecxit","Temps estimat de lectura":"3 minuts"},"schema":{"@context":"https:\/\/schema.org","@graph":[{"@type":"Article","@id":"https:\/\/lecxit.cat\/families-lectores\/actualitat\/per-que-es-important-promoure-la-capacitacio-parental-en-lambit-de-lacompanyament-lector\/#article","isPartOf":{"@id":"https:\/\/lecxit.cat\/families-lectores\/actualitat\/per-que-es-important-promoure-la-capacitacio-parental-en-lambit-de-lacompanyament-lector\/"},"author":{"name":"lecxit","@id":"https:\/\/lecxit.cat\/families-lectores\/#\/schema\/person\/67083162e864bcb8a6d043b7fd166f35"},"headline":"Per qu\u00e8 \u00e9s important promoure la capacitaci\u00f3 parental en l&#8217;\u00e0mbit de l&#8217;acompanyament lector?","datePublished":"2021-10-04T13:19:38+00:00","dateModified":"2022-10-17T22:45:26+00:00","mainEntityOfPage":{"@id":"https:\/\/lecxit.cat\/families-lectores\/actualitat\/per-que-es-important-promoure-la-capacitacio-parental-en-lambit-de-lacompanyament-lector\/"},"wordCount":489,"publisher":{"@id":"https:\/\/lecxit.cat\/families-lectores\/#organization"},"articleSection":["Actualitat"],"inLanguage":"ca"},{"@type":"WebPage","@id":"https:\/\/lecxit.cat\/families-lectores\/actualitat\/per-que-es-important-promoure-la-capacitacio-parental-en-lambit-de-lacompanyament-lector\/","url":"https:\/\/lecxit.cat\/families-lectores\/actualitat\/per-que-es-important-promoure-la-capacitacio-parental-en-lambit-de-lacompanyament-lector\/","name":"Per qu\u00e8 \u00e9s important promoure la capacitaci\u00f3 parental en l'\u00e0mbit de l'acompanyament lector? - Fam\u00edlies aliades de la lectura","isPartOf":{"@id":"https:\/\/lecxit.cat\/families-lectores\/#website"},"datePublished":"2021-10-04T13:19:38+00:00","dateModified":"2022-10-17T22:45:26+00:00","breadcrumb":{"@id":"https:\/\/lecxit.cat\/families-lectores\/actualitat\/per-que-es-important-promoure-la-capacitacio-parental-en-lambit-de-lacompanyament-lector\/#breadcrumb"},"inLanguage":"ca","potentialAction":[{"@type":"ReadAction","target":["https:\/\/lecxit.cat\/families-lectores\/actualitat\/per-que-es-important-promoure-la-capacitacio-parental-en-lambit-de-lacompanyament-lector\/"]}]},{"@type":"BreadcrumbList","@id":"https:\/\/lecxit.cat\/families-lectores\/actualitat\/per-que-es-important-promoure-la-capacitacio-parental-en-lambit-de-lacompanyament-lector\/#breadcrumb","itemListElement":[{"@type":"ListItem","position":1,"name":"Inici","item":"https:\/\/lecxit.cat\/families-lectores\/"},{"@type":"ListItem","position":2,"name":"Per qu\u00e8 \u00e9s important promoure la capacitaci\u00f3 parental en l&#8217;\u00e0mbit de l&#8217;acompanyament lector?"}]},{"@type":"WebSite","@id":"https:\/\/lecxit.cat\/families-lectores\/#website","url":"https:\/\/lecxit.cat\/families-lectores\/","name":"Fam\u00edlies aliades de la lectura","description":"Fam\u00edlies aliades de la lectura","publisher":{"@id":"https:\/\/lecxit.cat\/families-lectores\/#organization"},"potentialAction":[{"@type":"SearchAction","target":{"@type":"EntryPoint","urlTemplate":"https:\/\/lecxit.cat\/families-lectores\/?s={search_term_string}"},"query-input":"required name=search_term_string"}],"inLanguage":"ca"},{"@type":"Organization","@id":"https:\/\/lecxit.cat\/families-lectores\/#organization","name":"Fam\u00edlies aliades de la lectura","url":"https:\/\/lecxit.cat\/families-lectores\/","logo":{"@type":"ImageObject","inLanguage":"ca","@id":"https:\/\/lecxit.cat\/families-lectores\/#\/schema\/logo\/image\/","url":"https:\/\/lecxit.cat\/families-lectores\/wp-content\/uploads\/2021\/10\/sharer.png","contentUrl":"https:\/\/lecxit.cat\/families-lectores\/wp-content\/uploads\/2021\/10\/sharer.png","width":1200,"height":628,"caption":"Fam\u00edlies aliades de la lectura"},"image":{"@id":"https:\/\/lecxit.cat\/families-lectores\/#\/schema\/logo\/image\/"}},{"@type":"Person","@id":"https:\/\/lecxit.cat\/families-lectores\/#\/schema\/person\/67083162e864bcb8a6d043b7fd166f35","name":"lecxit","image":{"@type":"ImageObject","inLanguage":"ca","@id":"https:\/\/lecxit.cat\/families-lectores\/#\/schema\/person\/image\/","url":"https:\/\/secure.gravatar.com\/avatar\/0460b50631ddff047aa0e3930d25cf30?s=96&d=mm&r=g","contentUrl":"https:\/\/secure.gravatar.com\/avatar\/0460b50631ddff047aa0e3930d25cf30?s=96&d=mm&r=g","caption":"lecxit"},"url":"https:\/\/lecxit.cat\/families-lectores\/author\/lecxit\/"}]}},"_links":{"self":[{"href":"https:\/\/lecxit.cat\/families-lectores\/wp-json\/wp\/v2\/posts\/371"}],"collection":[{"href":"https:\/\/lecxit.cat\/families-lectores\/wp-json\/wp\/v2\/posts"}],"about":[{"href":"https:\/\/lecxit.cat\/families-lectores\/wp-json\/wp\/v2\/types\/post"}],"author":[{"embeddable":true,"href":"https:\/\/lecxit.cat\/families-lectores\/wp-json\/wp\/v2\/users\/2"}],"replies":[{"embeddable":true,"href":"https:\/\/lecxit.cat\/families-lectores\/wp-json\/wp\/v2\/comments?post=371"}],"version-history":[{"count":6,"href":"https:\/\/lecxit.cat\/families-lectores\/wp-json\/wp\/v2\/posts\/371\/revisions"}],"predecessor-version":[{"id":980,"href":"https:\/\/lecxit.cat\/families-lectores\/wp-json\/wp\/v2\/posts\/371\/revisions\/980"}],"wp:featuredmedia":[{"embeddable":true,"href":"https:\/\/lecxit.cat\/families-lectores\/wp-json\/wp\/v2\/media\/374"}],"wp:attachment":[{"href":"https:\/\/lecxit.cat\/families-lectores\/wp-json\/wp\/v2\/media?parent=371"}],"wp:term":[{"taxonomy":"category","embeddable":true,"href":"https:\/\/lecxit.cat\/families-lectores\/wp-json\/wp\/v2\/categories?post=371"},{"taxonomy":"post_tag","embeddable":true,"href":"https:\/\/lecxit.cat\/families-lectores\/wp-json\/wp\/v2\/tags?post=371"}],"curies":[{"name":"wp","href":"https:\/\/api.w.org\/{rel}","templated":true}]}}