{"id":164,"date":"2022-10-18T03:43:00","date_gmt":"2022-10-18T01:43:00","guid":{"rendered":"https:\/\/lecxit.cat\/families-lectores\/?p=164"},"modified":"2022-10-18T10:44:55","modified_gmt":"2022-10-18T08:44:55","slug":"nota-de-premsa","status":"publish","type":"post","link":"https:\/\/lecxit.cat\/families-lectores\/actualitat\/nota-de-premsa\/","title":{"rendered":"Nota de premsa: Mig curs de difer\u00e8ncia en compet\u00e8ncia lectora a 4t de prim\u00e0ria entre l\u2019alumnat que t\u00e9 acompanyament lector familiar i el que no"},"content":{"rendered":"\n<p>La Fundaci\u00f3 Bofill impulsa la campanya \u201cLes fam\u00edlies, aliades de la lectura\u201d per contribuir a que les escoles, biblioteques i entitats liderin accions que incrementin el potencial de les fam\u00edlies en l&#8217;acompanyament lector dels seus fills i filles<\/p>\n\n\n\n<div data-wp-interactive=\"\" class=\"wp-block-file\"><object data-wp-bind--hidden=\"!selectors.core.file.hasPdfPreview\" hidden class=\"wp-block-file__embed\" data=\"https:\/\/lecxit.cat\/families-lectores\/wp-content\/uploads\/2022\/10\/Nota-de-premsa.pdf.pdf\" type=\"application\/pdf\" style=\"width:100%;height:600px\" aria-label=\"Incrustaci\u00f3 del fitxer Incrustaci\u00f3 del fitxer Nota-de-premsa.pdf..\"><\/object><a id=\"wp-block-file--media-5e3de82e-15dd-41f6-8461-5d17d475ccc0\" href=\"https:\/\/lecxit.cat\/families-lectores\/wp-content\/uploads\/2022\/10\/Nota-de-premsa.pdf.pdf\">Nota-de-premsa.pdf<\/a><\/div>\n\n\n\n<p>1) A Catalunya, 1 de cada 4 infants t\u00e9 un nivell lector baix quan acaba l\u2019educaci\u00f3 prim\u00e0ria. No disposar d\u2019un nivell \u00f2ptim de comprensi\u00f3 lectora compromet negativament el rendiment acad\u00e8mic, prescriptor del frac\u00e0s escolar.<\/p>\n\n\n\n<p>2) El grau de compet\u00e8ncia lectora afecta de manera desigual a les fam\u00edlies. L\u2019alumnat que pertany a fam\u00edlies amb baix nivell de renda, a 4t de prim\u00e0ria presenta un nivell de compet\u00e8ncia lectora que es correspon a gaireb\u00e9 mig curs acad\u00e8mic menys que l\u2019alumnat de fam\u00edlies benestants (20 punts).<\/p>\n\n\n\n<p>3) L\u2019acompanyament i el clima lector s\u00f3n factors determinants, lleugerament per sobre de la renda familiar (22 punts). La difer\u00e8ncia entre l\u2019alumnat amb suport familiar i el que no en t\u00e9 \u00e9s significativa i es correspon a mig curs acad\u00e8mic a 4t de prim\u00e0ria.<\/p>\n\n\n\n<p>4) \u00c9s urgent fomentar pol\u00edtiques p\u00fabliques encaminades a activar el rol de les fam\u00edlies com a agents clau en el desenvolupament de la compet\u00e8ncia lectora, especialment en els casos d\u2019entorns m\u00e9s vulnerables en els quals no es disposa d\u2019ambients favorables per a la lectura.<\/p>\n\n\n\n<p>5) Per contribuir a donar-hi resposta, la Fundaci\u00f3 Bofill presenta avui a les 17:30 h al Hub Social &#8211; Fundaci\u00f3 Bofill (c\/ Girona 34) la campanya \u201cLes fam\u00edlies, aliades de la lectura\u201d. La iniciativa t\u00e9 l\u2019objectiu de capacitar a les fam\u00edlies de 4t, 5\u00e8 i 6\u00e8 de prim\u00e0ria perqu\u00e8 acompanyin de forma exitosa el proc\u00e9s d\u2019aprenentatge i construcci\u00f3 d\u2019h\u00e0bits lectors dels seus fills i filles.<\/p>\n\n\n\n<figure class=\"wp-block-gallery has-nested-images columns-0 is-cropped wp-block-gallery-1 is-layout-flex wp-block-gallery-is-layout-flex\">\n<figure class=\"wp-block-image size-large\"><img decoding=\"async\" data-id=\"990\" src=\"https:\/\/lecxit.cat\/families-lectores\/wp-content\/uploads\/2022\/10\/FAMILIES-ALIADES-EN-LA-LECTURA-1024x730.png\" alt=\"\" class=\"wp-image-990\"\/><\/figure>\n<\/figure>\n","protected":false},"excerpt":{"rendered":"<p>Nota de premsa &#8220;Mig curs de difer\u00e8ncia en compet\u00e8ncia lectora a 4t de prim\u00e0ria entre l\u2019alumnat que t\u00e9 acompanyament lector familiar i el que no&#8221;<\/p>\n","protected":false},"author":1,"featured_media":990,"comment_status":"closed","ping_status":"open","sticky":false,"template":"","format":"standard","meta":{"_monsterinsights_skip_tracking":false,"_monsterinsights_sitenote_active":false,"_monsterinsights_sitenote_note":"","_monsterinsights_sitenote_category":0,"footnotes":""},"categories":[1],"tags":[],"acf":[],"yoast_head":"<!-- This site is optimized with the Yoast SEO plugin v21.7 - https:\/\/yoast.com\/wordpress\/plugins\/seo\/ -->\n<title>Nota de premsa: Mig curs de difer\u00e8ncia en compet\u00e8ncia lectora a 4t de prim\u00e0ria entre l\u2019alumnat que t\u00e9 acompanyament lector familiar i el que no - Fam\u00edlies aliades de la lectura<\/title>\n<meta name=\"robots\" content=\"index, follow, max-snippet:-1, max-image-preview:large, max-video-preview:-1\" \/>\n<link rel=\"canonical\" href=\"https:\/\/lecxit.cat\/families-lectores\/actualitat\/nota-de-premsa\/\" \/>\n<meta property=\"og:locale\" content=\"ca_ES\" \/>\n<meta property=\"og:type\" content=\"article\" \/>\n<meta property=\"og:title\" content=\"Nota de premsa: Mig curs de difer\u00e8ncia en compet\u00e8ncia lectora a 4t de prim\u00e0ria entre l\u2019alumnat que t\u00e9 acompanyament lector familiar i el que no - Fam\u00edlies aliades de la lectura\" \/>\n<meta property=\"og:description\" content=\"Nota de premsa &quot;Mig curs de difer\u00e8ncia en compet\u00e8ncia lectora a 4t de prim\u00e0ria entre l\u2019alumnat que t\u00e9 acompanyament lector familiar i el que no&quot;\" \/>\n<meta property=\"og:url\" content=\"https:\/\/lecxit.cat\/families-lectores\/actualitat\/nota-de-premsa\/\" \/>\n<meta property=\"og:site_name\" content=\"Fam\u00edlies aliades de la lectura\" \/>\n<meta property=\"article:published_time\" content=\"2022-10-18T01:43:00+00:00\" \/>\n<meta property=\"article:modified_time\" content=\"2022-10-18T08:44:55+00:00\" \/>\n<meta property=\"og:image\" content=\"https:\/\/lecxit.cat\/families-lectores\/wp-content\/uploads\/2022\/10\/FAMILIES-ALIADES-EN-LA-LECTURA-e1666082684777.png\" \/>\n\t<meta property=\"og:image:width\" content=\"2992\" \/>\n\t<meta property=\"og:image:height\" content=\"1335\" \/>\n\t<meta property=\"og:image:type\" content=\"image\/png\" \/>\n<meta name=\"author\" content=\"cocobongo\" \/>\n<meta name=\"twitter:card\" content=\"summary_large_image\" \/>\n<meta name=\"twitter:label1\" content=\"Escrit per\" \/>\n\t<meta name=\"twitter:data1\" content=\"cocobongo\" \/>\n\t<meta name=\"twitter:label2\" content=\"Temps estimat de lectura\" \/>\n\t<meta name=\"twitter:data2\" content=\"2 minuts\" \/>\n<script type=\"application\/ld+json\" class=\"yoast-schema-graph\">{\"@context\":\"https:\/\/schema.org\",\"@graph\":[{\"@type\":\"Article\",\"@id\":\"https:\/\/lecxit.cat\/families-lectores\/actualitat\/nota-de-premsa\/#article\",\"isPartOf\":{\"@id\":\"https:\/\/lecxit.cat\/families-lectores\/actualitat\/nota-de-premsa\/\"},\"author\":{\"name\":\"cocobongo\",\"@id\":\"https:\/\/lecxit.cat\/families-lectores\/#\/schema\/person\/310903308f1f51c7542a8467dcb70745\"},\"headline\":\"Nota de premsa: Mig curs de difer\u00e8ncia en compet\u00e8ncia lectora a 4t de prim\u00e0ria entre l\u2019alumnat que t\u00e9 acompanyament lector familiar i el que no\",\"datePublished\":\"2022-10-18T01:43:00+00:00\",\"dateModified\":\"2022-10-18T08:44:55+00:00\",\"mainEntityOfPage\":{\"@id\":\"https:\/\/lecxit.cat\/families-lectores\/actualitat\/nota-de-premsa\/\"},\"wordCount\":329,\"publisher\":{\"@id\":\"https:\/\/lecxit.cat\/families-lectores\/#organization\"},\"articleSection\":[\"Actualitat\"],\"inLanguage\":\"ca\"},{\"@type\":\"WebPage\",\"@id\":\"https:\/\/lecxit.cat\/families-lectores\/actualitat\/nota-de-premsa\/\",\"url\":\"https:\/\/lecxit.cat\/families-lectores\/actualitat\/nota-de-premsa\/\",\"name\":\"Nota de premsa: Mig curs de difer\u00e8ncia en compet\u00e8ncia lectora a 4t de prim\u00e0ria entre l\u2019alumnat que t\u00e9 acompanyament lector familiar i el que no - Fam\u00edlies aliades de la lectura\",\"isPartOf\":{\"@id\":\"https:\/\/lecxit.cat\/families-lectores\/#website\"},\"datePublished\":\"2022-10-18T01:43:00+00:00\",\"dateModified\":\"2022-10-18T08:44:55+00:00\",\"breadcrumb\":{\"@id\":\"https:\/\/lecxit.cat\/families-lectores\/actualitat\/nota-de-premsa\/#breadcrumb\"},\"inLanguage\":\"ca\",\"potentialAction\":[{\"@type\":\"ReadAction\",\"target\":[\"https:\/\/lecxit.cat\/families-lectores\/actualitat\/nota-de-premsa\/\"]}]},{\"@type\":\"BreadcrumbList\",\"@id\":\"https:\/\/lecxit.cat\/families-lectores\/actualitat\/nota-de-premsa\/#breadcrumb\",\"itemListElement\":[{\"@type\":\"ListItem\",\"position\":1,\"name\":\"Inici\",\"item\":\"https:\/\/lecxit.cat\/families-lectores\/\"},{\"@type\":\"ListItem\",\"position\":2,\"name\":\"Nota de premsa: Mig curs de difer\u00e8ncia en compet\u00e8ncia lectora a 4t de prim\u00e0ria entre l\u2019alumnat que t\u00e9 acompanyament lector familiar i el que no\"}]},{\"@type\":\"WebSite\",\"@id\":\"https:\/\/lecxit.cat\/families-lectores\/#website\",\"url\":\"https:\/\/lecxit.cat\/families-lectores\/\",\"name\":\"Fam\u00edlies aliades de la lectura\",\"description\":\"Fam\u00edlies aliades de la lectura\",\"publisher\":{\"@id\":\"https:\/\/lecxit.cat\/families-lectores\/#organization\"},\"potentialAction\":[{\"@type\":\"SearchAction\",\"target\":{\"@type\":\"EntryPoint\",\"urlTemplate\":\"https:\/\/lecxit.cat\/families-lectores\/?s={search_term_string}\"},\"query-input\":\"required name=search_term_string\"}],\"inLanguage\":\"ca\"},{\"@type\":\"Organization\",\"@id\":\"https:\/\/lecxit.cat\/families-lectores\/#organization\",\"name\":\"Fam\u00edlies aliades de la lectura\",\"url\":\"https:\/\/lecxit.cat\/families-lectores\/\",\"logo\":{\"@type\":\"ImageObject\",\"inLanguage\":\"ca\",\"@id\":\"https:\/\/lecxit.cat\/families-lectores\/#\/schema\/logo\/image\/\",\"url\":\"https:\/\/lecxit.cat\/families-lectores\/wp-content\/uploads\/2021\/10\/sharer.png\",\"contentUrl\":\"https:\/\/lecxit.cat\/families-lectores\/wp-content\/uploads\/2021\/10\/sharer.png\",\"width\":1200,\"height\":628,\"caption\":\"Fam\u00edlies aliades de la lectura\"},\"image\":{\"@id\":\"https:\/\/lecxit.cat\/families-lectores\/#\/schema\/logo\/image\/\"}},{\"@type\":\"Person\",\"@id\":\"https:\/\/lecxit.cat\/families-lectores\/#\/schema\/person\/310903308f1f51c7542a8467dcb70745\",\"name\":\"cocobongo\",\"image\":{\"@type\":\"ImageObject\",\"inLanguage\":\"ca\",\"@id\":\"https:\/\/lecxit.cat\/families-lectores\/#\/schema\/person\/image\/\",\"url\":\"https:\/\/secure.gravatar.com\/avatar\/647b0568bd2d7ef9402b5a495e134762?s=96&d=mm&r=g\",\"contentUrl\":\"https:\/\/secure.gravatar.com\/avatar\/647b0568bd2d7ef9402b5a495e134762?s=96&d=mm&r=g\",\"caption\":\"cocobongo\"},\"sameAs\":[\"https:\/\/lecxit.cat\/families-lectores\"],\"url\":\"https:\/\/lecxit.cat\/families-lectores\/author\/cocobongo\/\"}]}<\/script>\n<!-- \/ Yoast SEO plugin. -->","yoast_head_json":{"title":"Nota de premsa: Mig curs de difer\u00e8ncia en compet\u00e8ncia lectora a 4t de prim\u00e0ria entre l\u2019alumnat que t\u00e9 acompanyament lector familiar i el que no - Fam\u00edlies aliades de la lectura","robots":{"index":"index","follow":"follow","max-snippet":"max-snippet:-1","max-image-preview":"max-image-preview:large","max-video-preview":"max-video-preview:-1"},"canonical":"https:\/\/lecxit.cat\/families-lectores\/actualitat\/nota-de-premsa\/","og_locale":"ca_ES","og_type":"article","og_title":"Nota de premsa: Mig curs de difer\u00e8ncia en compet\u00e8ncia lectora a 4t de prim\u00e0ria entre l\u2019alumnat que t\u00e9 acompanyament lector familiar i el que no - Fam\u00edlies aliades de la lectura","og_description":"Nota de premsa \"Mig curs de difer\u00e8ncia en compet\u00e8ncia lectora a 4t de prim\u00e0ria entre l\u2019alumnat que t\u00e9 acompanyament lector familiar i el que no\"","og_url":"https:\/\/lecxit.cat\/families-lectores\/actualitat\/nota-de-premsa\/","og_site_name":"Fam\u00edlies aliades de la lectura","article_published_time":"2022-10-18T01:43:00+00:00","article_modified_time":"2022-10-18T08:44:55+00:00","og_image":[{"width":2992,"height":1335,"url":"https:\/\/lecxit.cat\/families-lectores\/wp-content\/uploads\/2022\/10\/FAMILIES-ALIADES-EN-LA-LECTURA-e1666082684777.png","type":"image\/png"}],"author":"cocobongo","twitter_card":"summary_large_image","twitter_misc":{"Escrit per":"cocobongo","Temps estimat de lectura":"2 minuts"},"schema":{"@context":"https:\/\/schema.org","@graph":[{"@type":"Article","@id":"https:\/\/lecxit.cat\/families-lectores\/actualitat\/nota-de-premsa\/#article","isPartOf":{"@id":"https:\/\/lecxit.cat\/families-lectores\/actualitat\/nota-de-premsa\/"},"author":{"name":"cocobongo","@id":"https:\/\/lecxit.cat\/families-lectores\/#\/schema\/person\/310903308f1f51c7542a8467dcb70745"},"headline":"Nota de premsa: Mig curs de difer\u00e8ncia en compet\u00e8ncia lectora a 4t de prim\u00e0ria entre l\u2019alumnat que t\u00e9 acompanyament lector familiar i el que no","datePublished":"2022-10-18T01:43:00+00:00","dateModified":"2022-10-18T08:44:55+00:00","mainEntityOfPage":{"@id":"https:\/\/lecxit.cat\/families-lectores\/actualitat\/nota-de-premsa\/"},"wordCount":329,"publisher":{"@id":"https:\/\/lecxit.cat\/families-lectores\/#organization"},"articleSection":["Actualitat"],"inLanguage":"ca"},{"@type":"WebPage","@id":"https:\/\/lecxit.cat\/families-lectores\/actualitat\/nota-de-premsa\/","url":"https:\/\/lecxit.cat\/families-lectores\/actualitat\/nota-de-premsa\/","name":"Nota de premsa: Mig curs de difer\u00e8ncia en compet\u00e8ncia lectora a 4t de prim\u00e0ria entre l\u2019alumnat que t\u00e9 acompanyament lector familiar i el que no - Fam\u00edlies aliades de la lectura","isPartOf":{"@id":"https:\/\/lecxit.cat\/families-lectores\/#website"},"datePublished":"2022-10-18T01:43:00+00:00","dateModified":"2022-10-18T08:44:55+00:00","breadcrumb":{"@id":"https:\/\/lecxit.cat\/families-lectores\/actualitat\/nota-de-premsa\/#breadcrumb"},"inLanguage":"ca","potentialAction":[{"@type":"ReadAction","target":["https:\/\/lecxit.cat\/families-lectores\/actualitat\/nota-de-premsa\/"]}]},{"@type":"BreadcrumbList","@id":"https:\/\/lecxit.cat\/families-lectores\/actualitat\/nota-de-premsa\/#breadcrumb","itemListElement":[{"@type":"ListItem","position":1,"name":"Inici","item":"https:\/\/lecxit.cat\/families-lectores\/"},{"@type":"ListItem","position":2,"name":"Nota de premsa: Mig curs de difer\u00e8ncia en compet\u00e8ncia lectora a 4t de prim\u00e0ria entre l\u2019alumnat que t\u00e9 acompanyament lector familiar i el que no"}]},{"@type":"WebSite","@id":"https:\/\/lecxit.cat\/families-lectores\/#website","url":"https:\/\/lecxit.cat\/families-lectores\/","name":"Fam\u00edlies aliades de la lectura","description":"Fam\u00edlies aliades de la lectura","publisher":{"@id":"https:\/\/lecxit.cat\/families-lectores\/#organization"},"potentialAction":[{"@type":"SearchAction","target":{"@type":"EntryPoint","urlTemplate":"https:\/\/lecxit.cat\/families-lectores\/?s={search_term_string}"},"query-input":"required name=search_term_string"}],"inLanguage":"ca"},{"@type":"Organization","@id":"https:\/\/lecxit.cat\/families-lectores\/#organization","name":"Fam\u00edlies aliades de la lectura","url":"https:\/\/lecxit.cat\/families-lectores\/","logo":{"@type":"ImageObject","inLanguage":"ca","@id":"https:\/\/lecxit.cat\/families-lectores\/#\/schema\/logo\/image\/","url":"https:\/\/lecxit.cat\/families-lectores\/wp-content\/uploads\/2021\/10\/sharer.png","contentUrl":"https:\/\/lecxit.cat\/families-lectores\/wp-content\/uploads\/2021\/10\/sharer.png","width":1200,"height":628,"caption":"Fam\u00edlies aliades de la lectura"},"image":{"@id":"https:\/\/lecxit.cat\/families-lectores\/#\/schema\/logo\/image\/"}},{"@type":"Person","@id":"https:\/\/lecxit.cat\/families-lectores\/#\/schema\/person\/310903308f1f51c7542a8467dcb70745","name":"cocobongo","image":{"@type":"ImageObject","inLanguage":"ca","@id":"https:\/\/lecxit.cat\/families-lectores\/#\/schema\/person\/image\/","url":"https:\/\/secure.gravatar.com\/avatar\/647b0568bd2d7ef9402b5a495e134762?s=96&d=mm&r=g","contentUrl":"https:\/\/secure.gravatar.com\/avatar\/647b0568bd2d7ef9402b5a495e134762?s=96&d=mm&r=g","caption":"cocobongo"},"sameAs":["https:\/\/lecxit.cat\/families-lectores"],"url":"https:\/\/lecxit.cat\/families-lectores\/author\/cocobongo\/"}]}},"_links":{"self":[{"href":"https:\/\/lecxit.cat\/families-lectores\/wp-json\/wp\/v2\/posts\/164"}],"collection":[{"href":"https:\/\/lecxit.cat\/families-lectores\/wp-json\/wp\/v2\/posts"}],"about":[{"href":"https:\/\/lecxit.cat\/families-lectores\/wp-json\/wp\/v2\/types\/post"}],"author":[{"embeddable":true,"href":"https:\/\/lecxit.cat\/families-lectores\/wp-json\/wp\/v2\/users\/1"}],"replies":[{"embeddable":true,"href":"https:\/\/lecxit.cat\/families-lectores\/wp-json\/wp\/v2\/comments?post=164"}],"version-history":[{"count":11,"href":"https:\/\/lecxit.cat\/families-lectores\/wp-json\/wp\/v2\/posts\/164\/revisions"}],"predecessor-version":[{"id":993,"href":"https:\/\/lecxit.cat\/families-lectores\/wp-json\/wp\/v2\/posts\/164\/revisions\/993"}],"wp:featuredmedia":[{"embeddable":true,"href":"https:\/\/lecxit.cat\/families-lectores\/wp-json\/wp\/v2\/media\/990"}],"wp:attachment":[{"href":"https:\/\/lecxit.cat\/families-lectores\/wp-json\/wp\/v2\/media?parent=164"}],"wp:term":[{"taxonomy":"category","embeddable":true,"href":"https:\/\/lecxit.cat\/families-lectores\/wp-json\/wp\/v2\/categories?post=164"},{"taxonomy":"post_tag","embeddable":true,"href":"https:\/\/lecxit.cat\/families-lectores\/wp-json\/wp\/v2\/tags?post=164"}],"curies":[{"name":"wp","href":"https:\/\/api.w.org\/{rel}","templated":true}]}}